{"id":3255,"date":"2021-09-02T12:40:05","date_gmt":"2021-09-02T11:40:05","guid":{"rendered":"https:\/\/fsunk-kos.org\/?p=3255"},"modified":"2021-09-12T12:45:56","modified_gmt":"2021-09-12T11:45:56","slug":"besim-aliti-emerohet-sekretar-i-pergjithshem-i-komitetit-olimpik-te-kosove","status":"publish","type":"post","link":"https:\/\/fsunk-kos.org\/index.php\/2021\/09\/02\/besim-aliti-emerohet-sekretar-i-pergjithshem-i-komitetit-olimpik-te-kosove\/","title":{"rendered":"Besim Aliti, em\u00ebrohet sekretar i p\u00ebrgjithsh\u00ebm i Komitetit Olimpik t\u00eb Kosov\u00eb"},"content":{"rendered":"<div class=\"o9v6fnle cxmmr5t8 oygrvhab hcukyx3x c1et5uql ii04i59q\">\n<div dir=\"auto\">Besim Aliti \u00ebsht\u00eb em\u00ebruar sekretar i p\u00ebrgjithsh\u00ebm i Komitetit Olimpik t\u00eb Kosov\u00ebs. Vendimi \u00ebsht\u00eb marr\u00eb n\u00eb mbledhjen e kat\u00ebrt t\u00eb Bordit Ekzekutiv (BE) t\u00eb KOK-ut, t\u00eb mbajtur mbr\u00ebm\u00eb n\u00eb Hotel Sirius n\u00eb Prishtin\u00eb.<\/div>\n<\/div>\n<div class=\"o9v6fnle cxmmr5t8 oygrvhab hcukyx3x c1et5uql ii04i59q\">\n<div dir=\"auto\">Pas propozimit t\u00eb b\u00ebr\u00eb nga presidenti Ismet Krasniqi, Aliti me vendim unanim t\u00eb BE u em\u00ebrua sekretar i p\u00ebrgjithsh\u00ebm i KOK-ut.<\/div>\n<div dir=\"auto\">Deri m\u00eb tani, Aliti, njoh\u00ebs i pes\u00eb gjuh\u00ebve t\u00eb huaja, ishte k\u00ebshilltar i presidentit Krasniqi.<\/div>\n<\/div>\n<div class=\"o9v6fnle cxmmr5t8 oygrvhab hcukyx3x c1et5uql ii04i59q\">\n<div dir=\"auto\">Ai ka nj\u00eb karrier\u00eb t\u00eb pasur profesionale n\u00eb sport. Ka qen\u00eb menaxher n\u00eb Asociacionin Evropian t\u00eb Sportit Universitar (EUSA). Ka punuar n\u00eb organizimin e shum\u00eb ngjarjeve nd\u00ebrkomb\u00ebtare si: Loj\u00ebrat Evropiane Baku 2015, FIBA Evropianin e basketbollit 2015, Loj\u00ebrat Evropiane Universitare 2016, Loj\u00ebrat Islamike Baku 2017, si dhe ka qen\u00eb drejtor ekzekutiv i Kampionatit Evropian n\u00eb Karate, t\u00eb mbajtur gjat\u00eb k\u00ebtij viti n\u00eb Pore\u00e7 t\u00eb Kroacis\u00eb. N\u00eb vitin 2014 ishte koordinator i Dit\u00ebs Nd\u00ebrkomb\u00ebtare t\u00eb Sportit p\u00ebr Zhvillim dhe Paqe n\u00eb Zagreb t\u00eb Kroacis\u00eb, si dhe pjes\u00ebmarr\u00ebs i EUSA-s n\u00eb ceremonin\u00eb e ndarjes s\u00eb \u00e7mimeve nga Universiteti i Sportit t\u00eb Kroacis\u00eb (2016\/2017).<\/div>\n<\/div>\n<div class=\"o9v6fnle cxmmr5t8 oygrvhab hcukyx3x c1et5uql ii04i59q\">\n<div dir=\"auto\">Ka kryer Fakultetit e Sportit n\u00eb Zagreb dhe Masterin n\u00eb fush\u00ebn e menaxhmentit t\u00eb sportit n\u00eb Zagreb dhe Madrid. \u00cbsht\u00eb PhD. kandidat n\u00eb Fakultetin Ekonomik, i cili zhvillohet n\u00eb Osijek dhe Vjen\u00eb. Gjithashtu, \u00ebsht\u00eb i licencuar si profesionist i menaxhimit t\u00eb projekteve nga Kolegji i Teknologjis\u00eb \u201cAlfred State\u201d me seli n\u00eb New York. Po ashtu, \u00ebsht\u00eb edhe bursist i Akademis\u00eb Olimpike Nd\u00ebrkomb\u00ebtare n\u00eb Athin\u00eb, Greqi dhe i Organizat\u00ebs s\u00eb Kombeve t\u00eb Bashkuara p\u00ebr Kroaci.<\/div>\n<\/div>\n<div class=\"o9v6fnle cxmmr5t8 oygrvhab hcukyx3x c1et5uql ii04i59q\">\n<div dir=\"auto\">Besim Aliti \u00ebsht\u00eb ekspert ligj\u00ebrues i jasht\u00ebm n\u00eb Univerzitetin e Zagrebit (menaxhimi sportiv) dhe ka ligj\u00ebruar n\u00eb shum\u00eb Univerzitete dhe forume nd\u00ebrkomb\u00ebtare n\u00eb Malaga, Beograd, Prag\u00eb, Rom\u00eb, etj, p\u00ebrfshir\u00eb edhe ligj\u00ebrimet n\u00eb Kurset p\u00ebr Menaxhimin e Avancuar Sportiv (ASMC 1 dhe 2), t\u00eb organizuara nga KOK-u.<\/div>\n<\/div>\n<div class=\"o9v6fnle cxmmr5t8 oygrvhab hcukyx3x c1et5uql ii04i59q\">\n<div dir=\"auto\">Gjat\u00eb karrier\u00ebs s\u00eb tij si sportist, Besim Aliti ka qen\u00eb karateist profesionist, nd\u00ebrsa gjat\u00eb viteve 2010 \u2013 2013 ka p\u00ebrfaq\u00ebsuar edhe Komb\u00ebtaren e Kroacis\u00eb n\u00eb karate.<\/div>\n<\/div>\n","protected":false},"excerpt":{"rendered":"<p>Besim Aliti \u00ebsht\u00eb em\u00ebruar sekretar i p\u00ebrgjithsh\u00ebm i Komitetit Olimpik t\u00eb Kosov\u00ebs. Vendimi \u00ebsht\u00eb marr\u00eb n\u00eb mbledhjen e kat\u00ebrt t\u00eb Bordit Ekzekutiv (BE) t\u00eb KOK-ut, t\u00eb mbajtur mbr\u00ebm\u00eb n\u00eb Hotel Sirius n\u00eb Prishtin\u00eb. Pas propozimit t\u00eb b\u00ebr\u00eb nga presidenti Ismet Krasniqi, Aliti me vendim unanim t\u00eb BE u em\u00ebrua sekretar i p\u00ebrgjithsh\u00ebm i KOK-ut. Deri&#8230;<\/p>\n","protected":false},"author":1,"featured_media":3256,"comment_status":"closed","ping_status":"closed","sticky":false,"template":"","format":"standard","meta":{"ngg_post_thumbnail":0},"categories":[17,16],"tags":[83,82],"_links":{"self":[{"href":"https:\/\/fsunk-kos.org\/index.php\/wp-json\/wp\/v2\/posts\/3255"}],"collection":[{"href":"https:\/\/fsunk-kos.org\/index.php\/wp-json\/wp\/v2\/posts"}],"about":[{"href":"https:\/\/fsunk-kos.org\/index.php\/wp-json\/wp\/v2\/types\/post"}],"author":[{"embeddable":true,"href":"https:\/\/fsunk-kos.org\/index.php\/wp-json\/wp\/v2\/users\/1"}],"replies":[{"embeddable":true,"href":"https:\/\/fsunk-kos.org\/index.php\/wp-json\/wp\/v2\/comments?post=3255"}],"version-history":[{"count":1,"href":"https:\/\/fsunk-kos.org\/index.php\/wp-json\/wp\/v2\/posts\/3255\/revisions"}],"predecessor-version":[{"id":3257,"href":"https:\/\/fsunk-kos.org\/index.php\/wp-json\/wp\/v2\/posts\/3255\/revisions\/3257"}],"wp:featuredmedia":[{"embeddable":true,"href":"https:\/\/fsunk-kos.org\/index.php\/wp-json\/wp\/v2\/media\/3256"}],"wp:attachment":[{"href":"https:\/\/fsunk-kos.org\/index.php\/wp-json\/wp\/v2\/media?parent=3255"}],"wp:term":[{"taxonomy":"category","embeddable":true,"href":"https:\/\/fsunk-kos.org\/index.php\/wp-json\/wp\/v2\/categories?post=3255"},{"taxonomy":"post_tag","embeddable":true,"href":"https:\/\/fsunk-kos.org\/index.php\/wp-json\/wp\/v2\/tags?post=3255"}],"curies":[{"name":"wp","href":"https:\/\/api.w.org\/{rel}","templated":true}]}}