{"id":2329,"date":"2020-02-17T13:41:57","date_gmt":"2020-02-17T13:41:57","guid":{"rendered":"https:\/\/fsunk-kos.org\/?p=2329"},"modified":"2020-02-17T13:42:18","modified_gmt":"2020-02-17T13:42:18","slug":"fsunk-uron-17-shkurtin-diten-e-pavaresise-se-kosoves","status":"publish","type":"post","link":"https:\/\/fsunk-kos.org\/index.php\/2020\/02\/17\/fsunk-uron-17-shkurtin-diten-e-pavaresise-se-kosoves\/","title":{"rendered":"FSUNK uron 17 shkurtin \u2013 Dit\u00ebn e Pavar\u00ebsis\u00eb s\u00eb Kosov\u00ebs"},"content":{"rendered":"<p>Me rastin e fest\u00ebs s\u00eb 17 shkurtit \u2013 Dit\u00ebs s\u00eb Pavar\u00ebsis\u00eb s\u00eb Kosov\u00ebs, presidenti i Federat\u00ebs s\u00eb Sporteve Universitare t\u00eb Kosov\u00ebs, Musa Selimi, ua uron k\u00ebt\u00eb fest\u00eb gjith\u00eb sportdash\u00ebsve, student\u00ebve, t\u00eb gjith\u00eb qytetar\u00ebve t\u00eb Republik\u00ebs s\u00eb Kosov\u00ebs dhe shqiptar\u00ebve kudo n\u00eb bot\u00eb.<br \/>\nNe k\u00ebt\u00eb dit\u00eb feste, ai p\u00ebrkujton t\u00eb gjith\u00eb ata q\u00eb dhan\u00eb jet\u00ebn q\u00eb ne ta shijojm\u00eb lirin\u00eb.<br \/>\n\u201cN\u00eb k\u00ebt\u00eb p\u00ebrvjetor t\u00eb r\u00ebnd\u00ebsish\u00ebm p\u00ebr vendin, dua t\u00eb v\u00eb theksin e fjal\u00ebs sime tek d\u00ebshmor\u00ebt dhe familjet e tyre, t\u00eb cil\u00ebt falen gjith\u00e7ka, madje edhe jet\u00ebn, q\u00eb ne t\u00eb jetojm\u00eb sot t\u00eb lir\u00eb\u201d thot\u00eb presidenti Selimi.<br \/>\nN\u00eb k\u00ebt\u00eb dit\u00eblindje t\u00eb 12-t\u00eb t\u00eb vendit, presidenti Selimi uron q\u00eb t\u2019i kushtohet m\u00eb shum\u00eb rend\u00ebsi sportit, duke pasur parasysh sukseset dhe promovimin e madh q\u00eb sporti ka sjell\u00eb p\u00ebr vendin. N\u00eb ve\u00e7anti, ai shpreson q\u00eb sporti universitar do t\u00eb promovohet edhe m\u00eb shum\u00eb n\u00eb vitet n\u00eb vijim, marr\u00eb parasysh edhe suksesin q\u00eb sporti nd\u00ebr student\u00eb ka shfaqur deri m\u00eb tani.<\/p>\n<p>T\u00eb dashur qytetar\u00eb, urime 12 vjetori i pavar\u00ebsis\u00eb nga Federata e Sporteve Universitare e Kosov\u00ebs.<\/p>\n","protected":false},"excerpt":{"rendered":"<p>Me rastin e fest\u00ebs s\u00eb 17 shkurtit \u2013 Dit\u00ebs s\u00eb Pavar\u00ebsis\u00eb s\u00eb Kosov\u00ebs, presidenti i Federat\u00ebs s\u00eb Sporteve Universitare t\u00eb Kosov\u00ebs, Musa Selimi, ua uron k\u00ebt\u00eb fest\u00eb gjith\u00eb sportdash\u00ebsve, student\u00ebve, t\u00eb gjith\u00eb qytetar\u00ebve t\u00eb Republik\u00ebs s\u00eb Kosov\u00ebs dhe shqiptar\u00ebve kudo n\u00eb bot\u00eb. Ne k\u00ebt\u00eb dit\u00eb feste, ai p\u00ebrkujton t\u00eb gjith\u00eb ata q\u00eb dhan\u00eb jet\u00ebn q\u00eb&#8230;<\/p>\n","protected":false},"author":1,"featured_media":2330,"comment_status":"closed","ping_status":"closed","sticky":false,"template":"","format":"standard","meta":{"ngg_post_thumbnail":0},"categories":[17,16],"tags":[],"_links":{"self":[{"href":"https:\/\/fsunk-kos.org\/index.php\/wp-json\/wp\/v2\/posts\/2329"}],"collection":[{"href":"https:\/\/fsunk-kos.org\/index.php\/wp-json\/wp\/v2\/posts"}],"about":[{"href":"https:\/\/fsunk-kos.org\/index.php\/wp-json\/wp\/v2\/types\/post"}],"author":[{"embeddable":true,"href":"https:\/\/fsunk-kos.org\/index.php\/wp-json\/wp\/v2\/users\/1"}],"replies":[{"embeddable":true,"href":"https:\/\/fsunk-kos.org\/index.php\/wp-json\/wp\/v2\/comments?post=2329"}],"version-history":[{"count":1,"href":"https:\/\/fsunk-kos.org\/index.php\/wp-json\/wp\/v2\/posts\/2329\/revisions"}],"predecessor-version":[{"id":2331,"href":"https:\/\/fsunk-kos.org\/index.php\/wp-json\/wp\/v2\/posts\/2329\/revisions\/2331"}],"wp:featuredmedia":[{"embeddable":true,"href":"https:\/\/fsunk-kos.org\/index.php\/wp-json\/wp\/v2\/media\/2330"}],"wp:attachment":[{"href":"https:\/\/fsunk-kos.org\/index.php\/wp-json\/wp\/v2\/media?parent=2329"}],"wp:term":[{"taxonomy":"category","embeddable":true,"href":"https:\/\/fsunk-kos.org\/index.php\/wp-json\/wp\/v2\/categories?post=2329"},{"taxonomy":"post_tag","embeddable":true,"href":"https:\/\/fsunk-kos.org\/index.php\/wp-json\/wp\/v2\/tags?post=2329"}],"curies":[{"name":"wp","href":"https:\/\/api.w.org\/{rel}","templated":true}]}}